{"id":1693,"date":"2023-03-24T23:31:08","date_gmt":"2023-03-24T22:31:08","guid":{"rendered":"https:\/\/immunipersempre.com\/?p=1693"},"modified":"2023-03-31T16:57:20","modified_gmt":"2023-03-31T14:57:20","slug":"il-popolo-europeo-si-unisce-e-la-verita-vince","status":"publish","type":"post","link":"https:\/\/immunipersempre.com\/index.php\/2023\/03\/24\/il-popolo-europeo-si-unisce-e-la-verita-vince\/","title":{"rendered":"Il popolo europeo si unisce e la Verit\u00e0 vince!"},"content":{"rendered":"\n<figure class=\"wp-block-image size-full\"><img loading=\"lazy\" decoding=\"async\" width=\"768\" height=\"552\" src=\"http:\/\/immunipersempre.com\/wp-content\/uploads\/2023\/03\/Van-Der-Leyen-768x552-1.png\" alt=\"Van Der Leyen\" class=\"wp-image-1706\" srcset=\"https:\/\/immunipersempre.com\/wp-content\/uploads\/2023\/03\/Van-Der-Leyen-768x552-1.png 768w, https:\/\/immunipersempre.com\/wp-content\/uploads\/2023\/03\/Van-Der-Leyen-768x552-1-300x216.png 300w, https:\/\/immunipersempre.com\/wp-content\/uploads\/2023\/03\/Van-Der-Leyen-768x552-1-417x300.png 417w\" sizes=\"(max-width: 768px) 100vw, 768px\" \/><\/figure>\n\n\n\n<h2 class=\"wp-block-heading\">Esposto contro la presidente Von Der Leyen per gli illeciti da lei commessi al fine di sottoscrivere i contratti \u00ab vaccini \u00bb Pfizer<\/h2>\n\n\n\n<p>Grazie all\u2019iniziativa dell\u2019avv Carlo Alberto Brusa e dell\u2019avv Francesco Caronia, in Francia ed in Italia da oggi \u00e8\u2019 possibile scaricare gratuitamente la denuncia contro la Signora Ursula Von Der Leyen, e contestare il difetto di imparzialit\u00e0 e trasparenza con cui la stessa ha definito per sms il contratto tra UE e Pfizer Biontech, spendendo 35 miliardi di euro, pagando oltre 19 euro una dose del valore di 0,88 euro, favorendo per ragioni personali la casa farmaceutica, in spregio dell\u2019interesse dello Stato italiano, dello Stato francese e degli altri paesi membri, dei contribuenti e cittadini europei tutti.<\/p>\n\n\n\n<p>La verit\u00e0 emerge giorno per giorno e si palesa il reale motivo della paura e della sofferenza dei popoli, per una pandemia che in realt\u00e0 era solo un grande affare di qualcuno.<\/p>\n\n\n\n<p>Le istituzioni nazionali ed europee devono tornare a essere istituzioni e non lobby del potere finanziario, scoperchiando non solo la causa della morte e della sofferenza di milioni di persone, ma anche esponendo la pi\u00f9 grande mistificazione della realt\u00e0 di tutti i tempi.<\/p>\n\n\n\n<p>Solo cos\u00ec potr\u00e0 ricucirsi il rapporto tra il popolo e lo Stato.<\/p>\n\n\n\n<p>Il popolo italiano e quello francese vogliono le dimissioni immediate di Ursula Von Der Leyen perch\u00e9 venga tratta a giudizio!<\/p>\n\n\n\n<p>Scarica i file e segui le istruzioni riportate di seguito. Per ulteriori dettagli, visita la <a rel=\"noreferrer noopener\" href=\"https:\/\/reaction19.fr\/reaction19\/actualites\/ad-plaintes\/plainte-van-der-leyen\/140323-plainte-vdl-en-libre-usage\/\" target=\"_blank\">pagina di <\/a><a href=\"https:\/\/reaction19.fr\/r19-international\/reaction19-italia\/270323-esposto-contro-la-presidente-von-der-leyen-per-gli-illeciti-da-lei-commessi-al-fine-di-sottoscrivere-i-contratti-vaccini-pfizer\/\" target=\"_blank\" rel=\"noreferrer noopener\">Reaction <\/a><a rel=\"noreferrer noopener\" href=\"https:\/\/reaction19.fr\/reaction19\/actualites\/ad-plaintes\/plainte-van-der-leyen\/140323-plainte-vdl-en-libre-usage\/\" target=\"_blank\">19<\/a> dell&#8217;avvocato Carlo Alberto Brusa.<\/p>\n\n\n\n<p><em>Comitato Immuni per sempre &#8211; in collaborazione con Reaction 19<\/em><\/p>\n\n\n\n<h2 class=\"wp-block-heading\"><strong>Modalit\u00e0 di presentazione<\/strong><\/h2>\n\n\n\n<p>Ogni contribuente in Italia pu\u00f2 presentare un esposto contro la signora Von Der Leyen.<\/p>\n\n\n\n<p>Si tratta, infatti, di imputargli l&#8217;uso indebito delle tasse degli italiani e degli europei, per l&#8217;acquisto dei &#8220;vaccini&#8221; Pfizer, che non sono vaccini, ma prodotti al servizio di una truffa sanitaria senza precedenti.<\/p>\n\n\n\n<p>1. In una fase successiva, l\u2019esposto si ritiene che verr\u00e0 unito a quello presentato da altre persone da determinare in corso d\u2019inchiesta o di istruzione.<\/p>\n\n\n\n<p>2. Puoi presentare la denuncia con gli atti alla Procura della Repubblica del tuo luogo di residenza.<\/p>\n\n\n\n<p>3. Ad esempio, vivi a Bologna, sar\u00e0 da indirizzare al Procuratore del Tribunale della Repubblica presso il tribunale di Bologna e cos\u00ec via. Se abiti in una piccola citt\u00e0 o frazione dove non \u00e8 presente un tribunale nella tua citt\u00e0 o frazione, puoi interrogare il tuo motore di ricerca inserendo nella barra il nome della tua citt\u00e0 o frazione e la richiesta \u00ab&nbsp;foro competente&nbsp;\u00bb.<\/p>\n\n\n\n<p>4. Stampa l\u2019esposto e usa gratuitamente le parti.<\/p>\n\n\n\n<p>5. \u00c8 necessario completare l\u2019esposto nella prima pagina fornendo le informazioni richieste. Puoi compilare le caselle a mano, non \u00e8 necessario utilizzare un elaboratore di testi.<\/p>\n\n\n\n<p>6. Devi allegare una copia della tua carta d\u2019identit\u00e0 o del tuo passaporto, che diventer\u00e0 il reperto n\u00b0 33.<\/p>\n\n\n\n<p>7. Devi datare e firmare l\u2019esposto e siglare (firma minuscola) ogni pagina, non gli allegati.<\/p>\n\n\n\n<p>8. Puoi rivolgerti al Commissariato di P.S. o al Tribunale e consegnare personalmente l\u2019atto e gli atti alla Cancelleria della Procura della Repubblica, oppure spedire il tutto per posta con avviso di ricevimento.<\/p>\n\n\n\n<p>9. Devi inviare l\u2019esposto, cos\u00ec come i documenti, ma fai una fotocopia della prima e dell\u2019ultima pagina.<\/p>\n\n\n\n<p>10. Ti chiediamo di inviare un\u2019e-mail a <a href=\"mailto:espostovdlitalia@gmail.com\">espostovdlitalia@gmail.com<\/a> e\/o a <a href=\"mailto:reaction19fr@gmail.com\">reaction19fr@gmail.com<\/a>&nbsp; o utilizzare il modulo di contatto sul sito, e\/o <a href=\"mailto:immunipersempre@gmail.com\">immunipersempre@gmail.com<\/a>, per informarci della richiesta di archiviazione dell\u2019esposto e confermeremo ricevuta<\/p>\n\n\n\n<p>\u25ba Scarica il modello della denuncia in formato <a href=\"http:\/\/immunipersempre.com\/wp-content\/uploads\/2023\/03\/denunciaVDL.pdf\">PDF<\/a>. Disponibile anche in <a href=\"http:\/\/immunipersempre.com\/wp-content\/uploads\/2023\/03\/140323-Plainte-VDL-en-libre-usage-en-GB-3.pdf\">inglese<\/a>, <a href=\"http:\/\/immunipersempre.com\/wp-content\/uploads\/2023\/03\/140323-Plainte-VDL-en-libre-usage-de.pdf\">tedesco <\/a>e <a href=\"http:\/\/immunipersempre.com\/wp-content\/uploads\/2023\/03\/Plainte-VDL-ESPAGNOL.pdf\">spagnolo<\/a>.<\/p>\n\n\n\n<p>\u25ba Scarica gli allegati <a href=\"https:\/\/reaction19.fr\/wp-content\/uploads\/2023\/03\/270323-v3-Pieces-Plainte-simple-contre-Madame-VON-DER-LEYEN.zip\">in formato ZIP<\/a><\/p>\n\n\n\n<p>.<\/p>\n","protected":false},"excerpt":{"rendered":"<p>Esposto contro la presidente Von Der Leyen per gli illeciti da lei commessi al fine di sottoscrivere i contratti \u00ab vaccini \u00bb Pfizer Grazie all\u2019iniziativa &hellip;<\/p>\n","protected":false},"author":1,"featured_media":0,"comment_status":"closed","ping_status":"open","sticky":false,"template":"","format":"standard","meta":{"footnotes":""},"categories":[3],"tags":[],"_links":{"self":[{"href":"https:\/\/immunipersempre.com\/index.php\/wp-json\/wp\/v2\/posts\/1693"}],"collection":[{"href":"https:\/\/immunipersempre.com\/index.php\/wp-json\/wp\/v2\/posts"}],"about":[{"href":"https:\/\/immunipersempre.com\/index.php\/wp-json\/wp\/v2\/types\/post"}],"author":[{"embeddable":true,"href":"https:\/\/immunipersempre.com\/index.php\/wp-json\/wp\/v2\/users\/1"}],"replies":[{"embeddable":true,"href":"https:\/\/immunipersempre.com\/index.php\/wp-json\/wp\/v2\/comments?post=1693"}],"version-history":[{"count":12,"href":"https:\/\/immunipersempre.com\/index.php\/wp-json\/wp\/v2\/posts\/1693\/revisions"}],"predecessor-version":[{"id":1718,"href":"https:\/\/immunipersempre.com\/index.php\/wp-json\/wp\/v2\/posts\/1693\/revisions\/1718"}],"wp:attachment":[{"href":"https:\/\/immunipersempre.com\/index.php\/wp-json\/wp\/v2\/media?parent=1693"}],"wp:term":[{"taxonomy":"category","embeddable":true,"href":"https:\/\/immunipersempre.com\/index.php\/wp-json\/wp\/v2\/categories?post=1693"},{"taxonomy":"post_tag","embeddable":true,"href":"https:\/\/immunipersempre.com\/index.php\/wp-json\/wp\/v2\/tags?post=1693"}],"curies":[{"name":"wp","href":"https:\/\/api.w.org\/{rel}","templated":true}]}}